{"id":753,"date":"2024-06-17T16:50:41","date_gmt":"2024-06-17T14:50:41","guid":{"rendered":"https:\/\/mimosprojects.orbidi.es\/?p=753"},"modified":"2024-10-25T00:16:20","modified_gmt":"2024-10-24T22:16:20","slug":"quien-soy-y-que-hago","status":"publish","type":"post","link":"https:\/\/mimosprojects.es\/?p=753","title":{"rendered":"Qui\u00e9n Soy y Qu\u00e9 Hago"},"content":{"rendered":"\n<p class=\"wp-block-paragraph\">\u00a1Hola! Soy <strong>Carla<\/strong>, una isle\u00f1a portuguesa radicada en Ibiza, apasionada por el estilo r\u00fastico y los vibrantes colores de la naturaleza. Me dedico a crear espacios y piezas \u00fanicas que combinan lo antiguo y lo moderno, infundiendo nueva vida a materiales y objetos reciclados. Mi enfoque se basa en la sostenibilidad y en c\u00f3mo peque\u00f1as acciones pueden tener un gran impacto en nuestro entorno.<\/p>\n\n\n\n<h2 class=\"wp-block-heading\">Mi Inspiraci\u00f3n<\/h2>\n\n\n\n<p class=\"wp-block-paragraph\">Encuentro motivaci\u00f3n en la sencillez y belleza de los colores naturales y la calidez de la madera, buscando siempre formas de conectar emocionalmente con el entorno. Cada proyecto es una oportunidad para reinterpretar materiales usados, evitando el desperdicio y promoviendo una econom\u00eda circular. Mi lema es: <strong>\u201cLa basura de uno es el tesoro de otro\u201d.<\/strong><\/p>\n\n\n\n<p class=\"wp-block-paragraph\">Creo firmemente que <strong>\u201clo que algunos descartan puede convertirse en un tesoro\u201d<\/strong>, y mis proyectos buscan maximizar el valor de los recursos existentes, minimizando el desperdicio.<\/p>\n\n\n\n<h2 class=\"wp-block-heading\">Mi Enfoque Sostenible<\/h2>\n\n\n\n<p class=\"wp-block-paragraph\">Mi enfoque se basa en la reutilizaci\u00f3n y el reciclaje creativo, dando una segunda vida a objetos olvidados, transform\u00e1ndolos en piezas que no solo sean visualmente atractivas sino tambi\u00e9n funcionales. Visito mercadillos locales, tiendas de segunda mano, y hasta rescato objetos desechados, d\u00e1ndoles una segunda vida y reduciendo as\u00ed la demanda de nuevos recursos.<\/p>\n\n\n\n<h3 class=\"wp-block-heading\">Reciclaje Creativo:<\/h3>\n\n\n\n<ul class=\"wp-block-list\">\n<li><strong>Transformaci\u00f3n de Muebles:<\/strong> Doy nueva vida a muebles antiguos, restaur\u00e1ndolos y adapt\u00e1ndolos a dise\u00f1os contempor\u00e1neos.\u00a0<\/li>\n\n\n\n<li><strong>Reutilizaci\u00f3n de Materiales:<\/strong> Utilizo madera recuperada, tejidos y otros materiales para crear elementos decorativos \u00fanicos.<\/li>\n<\/ul>\n\n\n\n<h3 class=\"wp-block-heading\">Minimizaci\u00f3n de Residuos:<\/h3>\n\n\n\n<ul class=\"wp-block-list\">\n<li><strong>Estrategia de Cero Residuos:<\/strong> Me esfuerzo por maximizar el uso de cada pieza y material, minimizando el desperdicio en cada proyecto.\u00a0<\/li>\n\n\n\n<li><strong>Donaci\u00f3n y Reutilizaci\u00f3n:<\/strong> Los objetos que no pueden ser usados en mis proyectos son donados o reciclados adecuadamente.<\/li>\n<\/ul>\n\n\n\n<h2 class=\"wp-block-heading\">Mi Viaje Personal<\/h2>\n\n\n\n<p class=\"wp-block-paragraph\">Como muchos de vosotros, siempre he buscado convertir mis casas en verdaderos hogares, donde la comodidad y funcionalidad se fusionen con un estilo consciente. Mi gran aventura comenz\u00f3 cuando adquir\u00ed una casa payesa en Ibiza, conocida cari\u00f1osamente como \u201cmi casa es una ruina\u201d. Con recursos limitados y en una de las \u00e1reas m\u00e1s caras del pa\u00eds, me lanc\u00e9 a renovarla con una visi\u00f3n sostenible.<\/p>\n\n\n\n<h2 class=\"wp-block-heading\">El Proceso<\/h2>\n\n\n\n<p class=\"wp-block-paragraph\">Las dudas iniciales sobre c\u00f3mo construir una cocina, renovar un ba\u00f1o o simplemente decorar cada rinc\u00f3n con un enfoque sostenible me llevaron a pasar incontables horas en tiendas, investigando materiales ecol\u00f3gicos, colores y dise\u00f1os sostenibles. A trav\u00e9s de esta experiencia, descubr\u00ed que es posible renovar y decorar con responsabilidad ambiental sin comprometer el estilo y la funcionalidad.<\/p>\n\n\n\n<h2 class=\"wp-block-heading\">Mi Pasi\u00f3n y Misi\u00f3n<\/h2>\n\n\n\n<p class=\"wp-block-paragraph\">Ahora, me dedico a lo que amo: <strong>transformar espacios y objetos con una conciencia ecol\u00f3gica,<\/strong> fusionando dise\u00f1o y sostenibilidad. Cada proyecto es una oportunidad para demostrar que lo que una vez fue desechado puede convertirse en un elemento de dise\u00f1o distintivo, creando ambientes que no solo resuenen con las personas sino que tambi\u00e9n respeten el planeta.<\/p>\n\n\n\n<p class=\"wp-block-paragraph\"><strong>Nos gustar\u00edamos convertirnos en la soluci\u00f3n para que la comunidad de Ibiza reduzca el desecho de muebles y los transforme en piezas de alta calidad, realzando el valor de la madera natural y contribuyendo a un futuro m\u00e1s sostenible.<\/strong><\/p>\n","protected":false},"excerpt":{"rendered":"<p>\u00a1Hola! Soy Carla, una isle\u00f1a portuguesa radicada en Ibiza, apasionada por el estilo r\u00fastico y los vibrantes colores de la naturaleza. Me dedico a crear espacios y piezas \u00fanicas que combinan lo antiguo y lo moderno, infundiendo nueva vida a materiales y objetos reciclados. Mi enfoque se basa en la sostenibilidad y en c\u00f3mo peque\u00f1as [&hellip;]<\/p>\n","protected":false},"author":1,"featured_media":1754,"comment_status":"open","ping_status":"closed","sticky":false,"template":"","format":"standard","meta":{"wds_primary_category":0,"footnotes":""},"categories":[1],"tags":[],"class_list":["post-753","post","type-post","status-publish","format-standard","has-post-thumbnail","hentry","category-uncategorized"],"_links":{"self":[{"href":"https:\/\/mimosprojects.es\/index.php?rest_route=\/wp\/v2\/posts\/753","targetHints":{"allow":["GET"]}}],"collection":[{"href":"https:\/\/mimosprojects.es\/index.php?rest_route=\/wp\/v2\/posts"}],"about":[{"href":"https:\/\/mimosprojects.es\/index.php?rest_route=\/wp\/v2\/types\/post"}],"author":[{"embeddable":true,"href":"https:\/\/mimosprojects.es\/index.php?rest_route=\/wp\/v2\/users\/1"}],"replies":[{"embeddable":true,"href":"https:\/\/mimosprojects.es\/index.php?rest_route=%2Fwp%2Fv2%2Fcomments&post=753"}],"version-history":[{"count":0,"href":"https:\/\/mimosprojects.es\/index.php?rest_route=\/wp\/v2\/posts\/753\/revisions"}],"wp:featuredmedia":[{"embeddable":true,"href":"https:\/\/mimosprojects.es\/index.php?rest_route=\/wp\/v2\/media\/1754"}],"wp:attachment":[{"href":"https:\/\/mimosprojects.es\/index.php?rest_route=%2Fwp%2Fv2%2Fmedia&parent=753"}],"wp:term":[{"taxonomy":"category","embeddable":true,"href":"https:\/\/mimosprojects.es\/index.php?rest_route=%2Fwp%2Fv2%2Fcategories&post=753"},{"taxonomy":"post_tag","embeddable":true,"href":"https:\/\/mimosprojects.es\/index.php?rest_route=%2Fwp%2Fv2%2Ftags&post=753"}],"curies":[{"name":"wp","href":"https:\/\/api.w.org\/{rel}","templated":true}]}}